{"id":5143,"date":"2025-07-28T13:23:35","date_gmt":"2025-07-28T11:23:35","guid":{"rendered":"https:\/\/mundo-int.com\/?p=5143"},"modified":"2025-07-28T14:13:22","modified_gmt":"2025-07-28T12:13:22","slug":"sabias-que-hablamos-portugues-en-mundo","status":"publish","type":"post","link":"https:\/\/mundo-int.com\/es\/sabias-que-hablamos-portugues-en-mundo\/","title":{"rendered":"\u00bfSab\u00edas que hablamos portugu\u00e9s en Mundo?"},"content":{"rendered":"\n<h1>\n\t\t\t\u00bfSab\u00edas que hablamos portugu\u00e9s en Mundo?\t<\/h1>\n\t<p><strong>Hablamos portugu\u00e9s en Mundo; conoce a <a href=\"https:\/\/mundo-int.com\/es\/especialista-en-transporte\/equipo\/\">Ricardo dos Santos<\/a><\/strong><\/p>\nRicardo forma parte del equipo de Mundo International Logistics desde hace a\u00f1os y es un contacto habitual y de confianza para muchos de nuestros socios en Brasil.<br \/>\nAun as\u00ed, muchas veces nos preguntan:<br \/>\n\u00ab\u00bfHablan portugu\u00e9s?\u00bb\nRicardo es hablante nativo, conoce el mercado brasile\u00f1o y entiende como nadie los retos de la log\u00edstica internacional.<br \/>\nEso hace que trabajar juntos sea m\u00e1s sencillo, y tambi\u00e9n m\u00e1s cercano.\n<p>Falamos Portugu\u00eas &#8211; y eso marca la diferencia.<\/p>\nNos encargamos de toda tu carga:<br \/>\n\u2714 LCL, FCL y carga a\u00e9rea<br \/>\n\u2714 Seguimiento completo<br \/>\n\u2714 Despacho aduanero y soluciones puerta a puerta\n<p><strong>Cont\u00e1ctanos<\/strong><\/p>\n\u00bfQuieres pedir una cotizaci\u00f3n, saludarnos o saber m\u00e1s? Escr\u00edbenos.<br \/>\nY por supuesto, tambi\u00e9n hablamos con fluidez espa\u00f1ol, ingl\u00e9s y neerland\u00e9s.\n<p><a href=\"mailto:network@mundo-int.com\">network@mundo-int.com<\/a><\/p>\n<p>No importa si es carga mar\u00edtima, a\u00e9rea, consolidada o contenedores completos: <strong>Ricardo y el equipo de Mundo est\u00e1n listos para ayudarte en cualquier parte del mundo.<\/strong><\/p>\n\t\t\t\t<img decoding=\"async\" src=\"https:\/\/mundo-int.com\/wp-content\/uploads\/2025\/07\/brazil-ricardo.jpg\" alt=\"portugees sprekend team  bij mundo \" itemprop=\"image\" height=\"826\" width=\"1181\" title=\"brazil-ricardo\" onerror=\"this.style.display='none'\" loading=\"lazy\" \/>\n\t\t<h3>Suscr\u00edbete ahora y mant\u00e9n todo en movimiento<\/h3>\n\t\tMantente a la vanguardia en log\u00edstica.<br data-start=\"1247\" data-end=\"1250\" \/>Nuestro bolet\u00edn <strong data-start=\"1266\" data-end=\"1285\">Freight Forward<\/strong> ofrece soluciones inteligentes, an\u00e1lisis del sector, historias de nuestra red global y novedades sobre d\u00f3nde encontrarnos.\n<strong data-start=\"1412\" data-end=\"1482\">Noticias, inspiraci\u00f3n y conexi\u00f3n directa en tu bandeja de entrada.<\/strong>\n\t\t\t<a href=\"https:\/\/mundo-int.com\/subribe-to-our-newsletter\/\" target=\"_self\" rel=\"noopener\">\n\t\t\t\t\t\t\tInscr\u00edbete aqu\u00ed\n\t\t\t\t\t<\/a>\n\n","protected":false},"excerpt":{"rendered":"<p>\u00bfSab\u00edas que hablamos portugu\u00e9s en Mundo? Hablamos portugu\u00e9s en Mundo; conoce a Ricardo dos Santos Ricardo forma parte del equipo de Mundo International Logistics desde hace a\u00f1os y es un contacto habitual y de confianza para muchos de nuestros socios en Brasil. Aun as\u00ed, muchas veces nos preguntan: \u00ab\u00bfHablan portugu\u00e9s?\u00bb Ricardo es hablante nativo, conoce&hellip;<\/p>\n","protected":false},"author":2,"featured_media":5155,"comment_status":"closed","ping_status":"closed","sticky":false,"template":"","format":"standard","meta":{"inline_featured_image":false,"footnotes":""},"categories":[79,105],"tags":[],"class_list":["post-5143","post","type-post","status-publish","format-standard","has-post-thumbnail","hentry","category-blog-es-2","category-newsletter-es"],"yoast_head":"<!-- This site is optimized with the Yoast SEO plugin v25.6 - https:\/\/yoast.com\/wordpress\/plugins\/seo\/ -->\n<title>\u00bfSab\u00edas que hablamos portugu\u00e9s en Mundo?<\/title>\n<meta name=\"description\" content=\"Hablamos portugu\u00e9s en Mundo. Atendemos a nuestros clientes y agentes en su idioma nativo, de forma cercana y profesional.\" \/>\n<meta name=\"robots\" content=\"index, follow, max-snippet:-1, max-image-preview:large, max-video-preview:-1\" \/>\n<link rel=\"canonical\" href=\"https:\/\/mundo-int.com\/es\/sabias-que-hablamos-portugues-en-mundo\/\" \/>\n<meta property=\"og:locale\" content=\"es_ES\" \/>\n<meta property=\"og:type\" content=\"article\" \/>\n<meta property=\"og:title\" content=\"\u00bfSab\u00edas que hablamos portugu\u00e9s en Mundo?\" \/>\n<meta property=\"og:description\" content=\"Hablamos portugu\u00e9s en Mundo. Atendemos a nuestros clientes y agentes en su idioma nativo, de forma cercana y profesional.\" \/>\n<meta property=\"og:url\" content=\"https:\/\/mundo-int.com\/es\/sabias-que-hablamos-portugues-en-mundo\/\" \/>\n<meta property=\"og:site_name\" content=\"Mundo\" \/>\n<meta property=\"article:publisher\" content=\"https:\/\/www.facebook.com\/mundointernational\/\" \/>\n<meta property=\"article:published_time\" content=\"2025-07-28T11:23:35+00:00\" \/>\n<meta property=\"article:modified_time\" content=\"2025-07-28T12:13:22+00:00\" \/>\n<meta property=\"og:image\" content=\"https:\/\/mundo-int.com\/wp-content\/uploads\/2025\/07\/brazil-ricardo.jpg\" \/>\n\t<meta property=\"og:image:width\" content=\"1181\" \/>\n\t<meta property=\"og:image:height\" content=\"826\" \/>\n\t<meta property=\"og:image:type\" content=\"image\/jpeg\" \/>\n<meta name=\"author\" content=\"Paula Ackermann\" \/>\n<meta name=\"twitter:card\" content=\"summary_large_image\" \/>\n<meta name=\"twitter:label1\" content=\"Escrito por\" \/>\n\t<meta name=\"twitter:data1\" content=\"Paula Ackermann\" \/>\n\t<meta name=\"twitter:label2\" content=\"Tiempo de lectura\" \/>\n\t<meta name=\"twitter:data2\" content=\"2 minutos\" \/>\n<script type=\"application\/ld+json\" class=\"yoast-schema-graph\">{\"@context\":\"https:\/\/schema.org\",\"@graph\":[{\"@type\":\"Article\",\"@id\":\"https:\/\/mundo-int.com\/es\/sabias-que-hablamos-portugues-en-mundo\/#article\",\"isPartOf\":{\"@id\":\"https:\/\/mundo-int.com\/es\/sabias-que-hablamos-portugues-en-mundo\/\"},\"author\":{\"name\":\"Paula Ackermann\",\"@id\":\"https:\/\/mundo-int.com\/es\/#\/schema\/person\/d59b05083542b6e1fc810c092446005c\"},\"headline\":\"\u00bfSab\u00edas que hablamos portugu\u00e9s en Mundo?\",\"datePublished\":\"2025-07-28T11:23:35+00:00\",\"dateModified\":\"2025-07-28T12:13:22+00:00\",\"mainEntityOfPage\":{\"@id\":\"https:\/\/mundo-int.com\/es\/sabias-que-hablamos-portugues-en-mundo\/\"},\"wordCount\":243,\"publisher\":{\"@id\":\"https:\/\/mundo-int.com\/es\/#organization\"},\"image\":{\"@id\":\"https:\/\/mundo-int.com\/es\/sabias-que-hablamos-portugues-en-mundo\/#primaryimage\"},\"thumbnailUrl\":\"https:\/\/mundo-int.com\/wp-content\/uploads\/2025\/07\/brazil-ricardo.jpg\",\"articleSection\":[\"Blog\",\"Newsletter\"],\"inLanguage\":\"es\"},{\"@type\":\"WebPage\",\"@id\":\"https:\/\/mundo-int.com\/es\/sabias-que-hablamos-portugues-en-mundo\/\",\"url\":\"https:\/\/mundo-int.com\/es\/sabias-que-hablamos-portugues-en-mundo\/\",\"name\":\"\u00bfSab\u00edas que hablamos portugu\u00e9s en Mundo?\",\"isPartOf\":{\"@id\":\"https:\/\/mundo-int.com\/es\/#website\"},\"primaryImageOfPage\":{\"@id\":\"https:\/\/mundo-int.com\/es\/sabias-que-hablamos-portugues-en-mundo\/#primaryimage\"},\"image\":{\"@id\":\"https:\/\/mundo-int.com\/es\/sabias-que-hablamos-portugues-en-mundo\/#primaryimage\"},\"thumbnailUrl\":\"https:\/\/mundo-int.com\/wp-content\/uploads\/2025\/07\/brazil-ricardo.jpg\",\"datePublished\":\"2025-07-28T11:23:35+00:00\",\"dateModified\":\"2025-07-28T12:13:22+00:00\",\"description\":\"Hablamos portugu\u00e9s en Mundo. Atendemos a nuestros clientes y agentes en su idioma nativo, de forma cercana y profesional.\",\"breadcrumb\":{\"@id\":\"https:\/\/mundo-int.com\/es\/sabias-que-hablamos-portugues-en-mundo\/#breadcrumb\"},\"inLanguage\":\"es\",\"potentialAction\":[{\"@type\":\"ReadAction\",\"target\":[\"https:\/\/mundo-int.com\/es\/sabias-que-hablamos-portugues-en-mundo\/\"]}]},{\"@type\":\"ImageObject\",\"inLanguage\":\"es\",\"@id\":\"https:\/\/mundo-int.com\/es\/sabias-que-hablamos-portugues-en-mundo\/#primaryimage\",\"url\":\"https:\/\/mundo-int.com\/wp-content\/uploads\/2025\/07\/brazil-ricardo.jpg\",\"contentUrl\":\"https:\/\/mundo-int.com\/wp-content\/uploads\/2025\/07\/brazil-ricardo.jpg\",\"width\":1181,\"height\":826,\"caption\":\"Meet the Portuguese-speaking team at Mundo International Logistics\"},{\"@type\":\"BreadcrumbList\",\"@id\":\"https:\/\/mundo-int.com\/es\/sabias-que-hablamos-portugues-en-mundo\/#breadcrumb\",\"itemListElement\":[{\"@type\":\"ListItem\",\"position\":1,\"name\":\"Home\",\"item\":\"https:\/\/mundo-int.com\/es\/\"},{\"@type\":\"ListItem\",\"position\":2,\"name\":\"\u00bfSab\u00edas que hablamos portugu\u00e9s en Mundo?\"}]},{\"@type\":\"WebSite\",\"@id\":\"https:\/\/mundo-int.com\/es\/#website\",\"url\":\"https:\/\/mundo-int.com\/es\/\",\"name\":\"Mundo International\",\"description\":\"International Logistics\",\"publisher\":{\"@id\":\"https:\/\/mundo-int.com\/es\/#organization\"},\"potentialAction\":[{\"@type\":\"SearchAction\",\"target\":{\"@type\":\"EntryPoint\",\"urlTemplate\":\"https:\/\/mundo-int.com\/es\/?s={search_term_string}\"},\"query-input\":{\"@type\":\"PropertyValueSpecification\",\"valueRequired\":true,\"valueName\":\"search_term_string\"}}],\"inLanguage\":\"es\"},{\"@type\":\"Organization\",\"@id\":\"https:\/\/mundo-int.com\/es\/#organization\",\"name\":\"Mundo International Logistics\",\"alternateName\":\"Mundo\",\"url\":\"https:\/\/mundo-int.com\/es\/\",\"logo\":{\"@type\":\"ImageObject\",\"inLanguage\":\"es\",\"@id\":\"https:\/\/mundo-int.com\/es\/#\/schema\/logo\/image\/\",\"url\":\"https:\/\/mundo-int.com\/wp-content\/uploads\/2020\/04\/logo-Mundo-rood.svg\",\"contentUrl\":\"https:\/\/mundo-int.com\/wp-content\/uploads\/2020\/04\/logo-Mundo-rood.svg\",\"width\":\"1024\",\"height\":\"1024\",\"caption\":\"Mundo International Logistics\"},\"image\":{\"@id\":\"https:\/\/mundo-int.com\/es\/#\/schema\/logo\/image\/\"},\"sameAs\":[\"https:\/\/www.facebook.com\/mundointernational\/\"]},{\"@type\":\"Person\",\"@id\":\"https:\/\/mundo-int.com\/es\/#\/schema\/person\/d59b05083542b6e1fc810c092446005c\",\"name\":\"Paula Ackermann\",\"url\":\"https:\/\/mundo-int.com\/es\/author\/paula\/\"}]}<\/script>\n<!-- \/ Yoast SEO plugin. -->","yoast_head_json":{"title":"\u00bfSab\u00edas que hablamos portugu\u00e9s en Mundo?","description":"Hablamos portugu\u00e9s en Mundo. Atendemos a nuestros clientes y agentes en su idioma nativo, de forma cercana y profesional.","robots":{"index":"index","follow":"follow","max-snippet":"max-snippet:-1","max-image-preview":"max-image-preview:large","max-video-preview":"max-video-preview:-1"},"canonical":"https:\/\/mundo-int.com\/es\/sabias-que-hablamos-portugues-en-mundo\/","og_locale":"es_ES","og_type":"article","og_title":"\u00bfSab\u00edas que hablamos portugu\u00e9s en Mundo?","og_description":"Hablamos portugu\u00e9s en Mundo. Atendemos a nuestros clientes y agentes en su idioma nativo, de forma cercana y profesional.","og_url":"https:\/\/mundo-int.com\/es\/sabias-que-hablamos-portugues-en-mundo\/","og_site_name":"Mundo","article_publisher":"https:\/\/www.facebook.com\/mundointernational\/","article_published_time":"2025-07-28T11:23:35+00:00","article_modified_time":"2025-07-28T12:13:22+00:00","og_image":[{"width":1181,"height":826,"url":"https:\/\/mundo-int.com\/wp-content\/uploads\/2025\/07\/brazil-ricardo.jpg","type":"image\/jpeg"}],"author":"Paula Ackermann","twitter_card":"summary_large_image","twitter_misc":{"Escrito por":"Paula Ackermann","Tiempo de lectura":"2 minutos"},"schema":{"@context":"https:\/\/schema.org","@graph":[{"@type":"Article","@id":"https:\/\/mundo-int.com\/es\/sabias-que-hablamos-portugues-en-mundo\/#article","isPartOf":{"@id":"https:\/\/mundo-int.com\/es\/sabias-que-hablamos-portugues-en-mundo\/"},"author":{"name":"Paula Ackermann","@id":"https:\/\/mundo-int.com\/es\/#\/schema\/person\/d59b05083542b6e1fc810c092446005c"},"headline":"\u00bfSab\u00edas que hablamos portugu\u00e9s en Mundo?","datePublished":"2025-07-28T11:23:35+00:00","dateModified":"2025-07-28T12:13:22+00:00","mainEntityOfPage":{"@id":"https:\/\/mundo-int.com\/es\/sabias-que-hablamos-portugues-en-mundo\/"},"wordCount":243,"publisher":{"@id":"https:\/\/mundo-int.com\/es\/#organization"},"image":{"@id":"https:\/\/mundo-int.com\/es\/sabias-que-hablamos-portugues-en-mundo\/#primaryimage"},"thumbnailUrl":"https:\/\/mundo-int.com\/wp-content\/uploads\/2025\/07\/brazil-ricardo.jpg","articleSection":["Blog","Newsletter"],"inLanguage":"es"},{"@type":"WebPage","@id":"https:\/\/mundo-int.com\/es\/sabias-que-hablamos-portugues-en-mundo\/","url":"https:\/\/mundo-int.com\/es\/sabias-que-hablamos-portugues-en-mundo\/","name":"\u00bfSab\u00edas que hablamos portugu\u00e9s en Mundo?","isPartOf":{"@id":"https:\/\/mundo-int.com\/es\/#website"},"primaryImageOfPage":{"@id":"https:\/\/mundo-int.com\/es\/sabias-que-hablamos-portugues-en-mundo\/#primaryimage"},"image":{"@id":"https:\/\/mundo-int.com\/es\/sabias-que-hablamos-portugues-en-mundo\/#primaryimage"},"thumbnailUrl":"https:\/\/mundo-int.com\/wp-content\/uploads\/2025\/07\/brazil-ricardo.jpg","datePublished":"2025-07-28T11:23:35+00:00","dateModified":"2025-07-28T12:13:22+00:00","description":"Hablamos portugu\u00e9s en Mundo. Atendemos a nuestros clientes y agentes en su idioma nativo, de forma cercana y profesional.","breadcrumb":{"@id":"https:\/\/mundo-int.com\/es\/sabias-que-hablamos-portugues-en-mundo\/#breadcrumb"},"inLanguage":"es","potentialAction":[{"@type":"ReadAction","target":["https:\/\/mundo-int.com\/es\/sabias-que-hablamos-portugues-en-mundo\/"]}]},{"@type":"ImageObject","inLanguage":"es","@id":"https:\/\/mundo-int.com\/es\/sabias-que-hablamos-portugues-en-mundo\/#primaryimage","url":"https:\/\/mundo-int.com\/wp-content\/uploads\/2025\/07\/brazil-ricardo.jpg","contentUrl":"https:\/\/mundo-int.com\/wp-content\/uploads\/2025\/07\/brazil-ricardo.jpg","width":1181,"height":826,"caption":"Meet the Portuguese-speaking team at Mundo International Logistics"},{"@type":"BreadcrumbList","@id":"https:\/\/mundo-int.com\/es\/sabias-que-hablamos-portugues-en-mundo\/#breadcrumb","itemListElement":[{"@type":"ListItem","position":1,"name":"Home","item":"https:\/\/mundo-int.com\/es\/"},{"@type":"ListItem","position":2,"name":"\u00bfSab\u00edas que hablamos portugu\u00e9s en Mundo?"}]},{"@type":"WebSite","@id":"https:\/\/mundo-int.com\/es\/#website","url":"https:\/\/mundo-int.com\/es\/","name":"Mundo International","description":"International Logistics","publisher":{"@id":"https:\/\/mundo-int.com\/es\/#organization"},"potentialAction":[{"@type":"SearchAction","target":{"@type":"EntryPoint","urlTemplate":"https:\/\/mundo-int.com\/es\/?s={search_term_string}"},"query-input":{"@type":"PropertyValueSpecification","valueRequired":true,"valueName":"search_term_string"}}],"inLanguage":"es"},{"@type":"Organization","@id":"https:\/\/mundo-int.com\/es\/#organization","name":"Mundo International Logistics","alternateName":"Mundo","url":"https:\/\/mundo-int.com\/es\/","logo":{"@type":"ImageObject","inLanguage":"es","@id":"https:\/\/mundo-int.com\/es\/#\/schema\/logo\/image\/","url":"https:\/\/mundo-int.com\/wp-content\/uploads\/2020\/04\/logo-Mundo-rood.svg","contentUrl":"https:\/\/mundo-int.com\/wp-content\/uploads\/2020\/04\/logo-Mundo-rood.svg","width":"1024","height":"1024","caption":"Mundo International Logistics"},"image":{"@id":"https:\/\/mundo-int.com\/es\/#\/schema\/logo\/image\/"},"sameAs":["https:\/\/www.facebook.com\/mundointernational\/"]},{"@type":"Person","@id":"https:\/\/mundo-int.com\/es\/#\/schema\/person\/d59b05083542b6e1fc810c092446005c","name":"Paula Ackermann","url":"https:\/\/mundo-int.com\/es\/author\/paula\/"}]}},"_links":{"self":[{"href":"https:\/\/mundo-int.com\/es\/wp-json\/wp\/v2\/posts\/5143"}],"collection":[{"href":"https:\/\/mundo-int.com\/es\/wp-json\/wp\/v2\/posts"}],"about":[{"href":"https:\/\/mundo-int.com\/es\/wp-json\/wp\/v2\/types\/post"}],"author":[{"embeddable":true,"href":"https:\/\/mundo-int.com\/es\/wp-json\/wp\/v2\/users\/2"}],"replies":[{"embeddable":true,"href":"https:\/\/mundo-int.com\/es\/wp-json\/wp\/v2\/comments?post=5143"}],"version-history":[{"count":4,"href":"https:\/\/mundo-int.com\/es\/wp-json\/wp\/v2\/posts\/5143\/revisions"}],"predecessor-version":[{"id":5163,"href":"https:\/\/mundo-int.com\/es\/wp-json\/wp\/v2\/posts\/5143\/revisions\/5163"}],"wp:featuredmedia":[{"embeddable":true,"href":"https:\/\/mundo-int.com\/es\/wp-json\/wp\/v2\/media\/5155"}],"wp:attachment":[{"href":"https:\/\/mundo-int.com\/es\/wp-json\/wp\/v2\/media?parent=5143"}],"wp:term":[{"taxonomy":"category","embeddable":true,"href":"https:\/\/mundo-int.com\/es\/wp-json\/wp\/v2\/categories?post=5143"},{"taxonomy":"post_tag","embeddable":true,"href":"https:\/\/mundo-int.com\/es\/wp-json\/wp\/v2\/tags?post=5143"}],"curies":[{"name":"wp","href":"https:\/\/api.w.org\/{rel}","templated":true}]}}