{"id":4236,"date":"2024-06-03T13:27:00","date_gmt":"2024-06-03T11:27:00","guid":{"rendered":"https:\/\/mundo-int.com\/?p=4236"},"modified":"2024-06-03T13:41:54","modified_gmt":"2024-06-03T11:41:54","slug":"almacenamiento-temporal-para-carga-aerea","status":"publish","type":"post","link":"https:\/\/mundo-int.com\/es\/almacenamiento-temporal-para-carga-aerea\/","title":{"rendered":"Almacenamiento temporal para carga a\u00e9rea"},"content":{"rendered":"\n<h2>\n\t\tAlmacenamiento temporal para carga a\u00e9rea: eficiente y seguro en Mundo Airfreight en Uithoorn\n\t<\/h2>\n\t<p>En Mundo Airfreight comprendemos que los procesos log\u00edsticos pueden ser complejos y exigentes. Por eso, en nuestra sede en Uithoorn, estrat\u00e9gicamente ubicada cerca de Schiphol, ofrecemos una soluci\u00f3n integral para el almacenamiento temporal de mercanc\u00edas listas para el env\u00edo por v\u00eda a\u00e9rea. Nuestras instalaciones est\u00e1n dise\u00f1adas para gestionar su carga de manera eficiente, segura y conforme a los m\u00e1s altos est\u00e1ndares.<\/p>\n<h2>\n\t\tUbicaci\u00f3n estrat\u00e9gica: Uithoorn, cerca de Schiphol\n\t<\/h2>\n\t<p>Nuestra sede en Uithoorn se encuentra a solo unos kil\u00f3metros de Schiphol, uno de los aeropuertos m\u00e1s grandes y concurridos de Europa.<\/p>\n<h2>\n\t\tEsta proximidad ofrece m\u00faltiples ventajas:\n\t<\/h2>\n\t<p><strong>Tiempos de tr\u00e1nsito r\u00e1pidos:<\/strong> Gracias a la corta distancia, podemos asegurar un r\u00e1pido tr\u00e1nsito de sus mercanc\u00edas al aeropuerto, lo cual es crucial para los env\u00edos sensibles al tiempo.<\/p>\n<p><strong>Flexibilidad:<\/strong> Nuestra ubicaci\u00f3n nos permite adaptarnos flexiblemente a cambios de \u00faltima hora y necesidades de transporte urgentes.<\/p>\n<h2>\n\t\tServicios log\u00edsticos eficientes desde el almacenamiento temporal de carga a\u00e9rea\n\t<\/h2>\n\t<p>En Mundo Airfreight ofrecemos m\u00e1s que solo almacenamiento temporal para carga a\u00e9rea:<\/p>\n<p><strong>Gesti\u00f3n aduanera<\/strong>: Nuestro equipo experimentado puede ayudarle con todos los tr\u00e1mites aduaneros necesarios, para que sus mercanc\u00edas se env\u00eden r\u00e1pidamente y sin retrasos.<\/p>\n<p><strong>Servicios de embalaje<\/strong>: Nos encargamos del embalaje profesional de sus mercanc\u00edas para asegurar que lleguen a su destino de manera segura y en perfecto estado.<\/p>\n<p><strong>Gesti\u00f3n del transporte<\/strong>: Nuestros expertos log\u00edsticos coordinan todo el proceso de transporte, desde la recogida hasta la entrega, para que usted pueda centrarse en sus actividades principales.<\/p>\n<h2>\n\t\t\u00bfPor qu\u00e9 elegir Mundo Airfreight?\n\t<\/h2>\n\t<p>Nuestra larga experiencia en la industria de carga a\u00e9rea nos convierte en un socio confiable para su almacenamiento temporal de carga a\u00e9rea. Entendemos las exigencias del comercio internacional y la log\u00edstica, y nos esforzamos por gestionar sus mercanc\u00edas de manera eficiente y segura.<\/p>\n<h2>\n\t\tOrientados al cliente y confiables\n\t<\/h2>\n\t<p>En Mundo Airfreight, el cliente siempre es nuestra prioridad. Nos enorgullecemos de ofrecer servicios flexibles, confiables y orientados al cliente. Ya sea para almacenar mercanc\u00edas a corto o largo plazo, nos aseguramos de que sus procesos log\u00edsticos se desarrollen sin problemas y sin preocupaciones.<\/p>\n<h2>\n\t\tM\u00e1s informaci\u00f3n sobre el almacenamiento temporal de carga a\u00e9rea\n\t<\/h2>\n\t<p>\u00bfTiene preguntas sobre nuestras opciones de almacenamiento temporal para su carga a\u00e9rea o desea m\u00e1s informaci\u00f3n sobre nuestros servicios? <a href=\"https:\/\/mundo-int.com\/es\/contacto\/\">P\u00f3ngase en contacto con nosotros.<\/a> Rob y Ricardo est\u00e1n listos para ayudarle y asegurarse de que sus mercanc\u00edas lleguen a su destino de manera segura y puntual. En Mundo Airfreight, nos aseguramos de que sus desaf\u00edos log\u00edsticos sean nuestra prioridad, para que usted pueda concentrarse en lo que realmente importa: su negocio.<\/p>\n\t\t\t<a href=\"https:\/\/mundo-int.com\/es\/contacto\/\" target=\"_self\" rel=\"noopener\">\n\t\t\t\t\t\t\tContacto\n\t\t\t\t\t<\/a>\n\t\t\t\t<img loading=\"lazy\" decoding=\"async\" src=\"https:\/\/mundo-int.com\/wp-content\/uploads\/2024\/06\/Mundo-Airfreight.jpeg\" alt=\"Temporary storage for airfreight: efficient and secure at Mundo Airfreight in Uithoorn\" itemprop=\"image\" height=\"771\" width=\"745\" title=\"Mundo-Airfreight\" onerror=\"this.style.display='none'\">\n","protected":false},"excerpt":{"rendered":"<p>Almacenamiento temporal para carga a\u00e9rea: eficiente y seguro en Mundo Airfreight en Uithoorn En Mundo Airfreight comprendemos que los procesos log\u00edsticos pueden ser complejos y exigentes. Por eso, en nuestra sede en Uithoorn, estrat\u00e9gicamente ubicada cerca de Schiphol, ofrecemos una soluci\u00f3n integral para el almacenamiento temporal de mercanc\u00edas listas para el env\u00edo por v\u00eda a\u00e9rea.&hellip;<\/p>\n","protected":false},"author":2,"featured_media":4227,"comment_status":"closed","ping_status":"closed","sticky":false,"template":"","format":"standard","meta":{"inline_featured_image":false,"footnotes":""},"categories":[65,79],"tags":[],"class_list":["post-4236","post","type-post","status-publish","format-standard","has-post-thumbnail","hentry","category-blog-es","category-blog-es-2"],"yoast_head":"<!-- This site is optimized with the Yoast SEO plugin v25.6 - https:\/\/yoast.com\/wordpress\/plugins\/seo\/ -->\n<title>Almacenamiento temporal para carga a\u00e9rea<\/title>\n<meta name=\"description\" content=\"Almacenamiento temporal para carga a\u00e9rea: eficiente y seguro en Mundo Airfreight en Uithoorn. Cont\u00e1ctanos y pide m\u00e1s informaci\u00f3n.\" \/>\n<meta name=\"robots\" content=\"index, follow, max-snippet:-1, max-image-preview:large, max-video-preview:-1\" \/>\n<link rel=\"canonical\" href=\"https:\/\/mundo-int.com\/es\/almacenamiento-temporal-para-carga-aerea\/\" \/>\n<meta property=\"og:locale\" content=\"es_ES\" \/>\n<meta property=\"og:type\" content=\"article\" \/>\n<meta property=\"og:title\" content=\"Almacenamiento temporal para carga a\u00e9rea\" \/>\n<meta property=\"og:description\" content=\"Almacenamiento temporal para carga a\u00e9rea: eficiente y seguro en Mundo Airfreight en Uithoorn. Cont\u00e1ctanos y pide m\u00e1s informaci\u00f3n.\" \/>\n<meta property=\"og:url\" content=\"https:\/\/mundo-int.com\/es\/almacenamiento-temporal-para-carga-aerea\/\" \/>\n<meta property=\"og:site_name\" content=\"Mundo\" \/>\n<meta property=\"article:publisher\" content=\"https:\/\/www.facebook.com\/mundointernational\/\" \/>\n<meta property=\"article:published_time\" content=\"2024-06-03T11:27:00+00:00\" \/>\n<meta property=\"article:modified_time\" content=\"2024-06-03T11:41:54+00:00\" \/>\n<meta property=\"og:image\" content=\"https:\/\/mundo-int.com\/wp-content\/uploads\/2024\/06\/Mundo-Airfreight.jpeg\" \/>\n\t<meta property=\"og:image:width\" content=\"745\" \/>\n\t<meta property=\"og:image:height\" content=\"771\" \/>\n\t<meta property=\"og:image:type\" content=\"image\/jpeg\" \/>\n<meta name=\"author\" content=\"Paula Ackermann\" \/>\n<meta name=\"twitter:card\" content=\"summary_large_image\" \/>\n<meta name=\"twitter:label1\" content=\"Escrito por\" \/>\n\t<meta name=\"twitter:data1\" content=\"Paula Ackermann\" \/>\n\t<meta name=\"twitter:label2\" content=\"Tiempo de lectura\" \/>\n\t<meta name=\"twitter:data2\" content=\"2 minutos\" \/>\n<script type=\"application\/ld+json\" class=\"yoast-schema-graph\">{\"@context\":\"https:\/\/schema.org\",\"@graph\":[{\"@type\":\"Article\",\"@id\":\"https:\/\/mundo-int.com\/es\/almacenamiento-temporal-para-carga-aerea\/#article\",\"isPartOf\":{\"@id\":\"https:\/\/mundo-int.com\/es\/almacenamiento-temporal-para-carga-aerea\/\"},\"author\":{\"name\":\"Paula Ackermann\",\"@id\":\"https:\/\/mundo-int.com\/es\/#\/schema\/person\/d59b05083542b6e1fc810c092446005c\"},\"headline\":\"Almacenamiento temporal para carga a\u00e9rea\",\"datePublished\":\"2024-06-03T11:27:00+00:00\",\"dateModified\":\"2024-06-03T11:41:54+00:00\",\"mainEntityOfPage\":{\"@id\":\"https:\/\/mundo-int.com\/es\/almacenamiento-temporal-para-carga-aerea\/\"},\"wordCount\":487,\"publisher\":{\"@id\":\"https:\/\/mundo-int.com\/es\/#organization\"},\"image\":{\"@id\":\"https:\/\/mundo-int.com\/es\/almacenamiento-temporal-para-carga-aerea\/#primaryimage\"},\"thumbnailUrl\":\"https:\/\/mundo-int.com\/wp-content\/uploads\/2024\/06\/Mundo-Airfreight.jpeg\",\"articleSection\":[\"Blog\",\"Blog\"],\"inLanguage\":\"es\"},{\"@type\":\"WebPage\",\"@id\":\"https:\/\/mundo-int.com\/es\/almacenamiento-temporal-para-carga-aerea\/\",\"url\":\"https:\/\/mundo-int.com\/es\/almacenamiento-temporal-para-carga-aerea\/\",\"name\":\"Almacenamiento temporal para carga a\u00e9rea\",\"isPartOf\":{\"@id\":\"https:\/\/mundo-int.com\/es\/#website\"},\"primaryImageOfPage\":{\"@id\":\"https:\/\/mundo-int.com\/es\/almacenamiento-temporal-para-carga-aerea\/#primaryimage\"},\"image\":{\"@id\":\"https:\/\/mundo-int.com\/es\/almacenamiento-temporal-para-carga-aerea\/#primaryimage\"},\"thumbnailUrl\":\"https:\/\/mundo-int.com\/wp-content\/uploads\/2024\/06\/Mundo-Airfreight.jpeg\",\"datePublished\":\"2024-06-03T11:27:00+00:00\",\"dateModified\":\"2024-06-03T11:41:54+00:00\",\"description\":\"Almacenamiento temporal para carga a\u00e9rea: eficiente y seguro en Mundo Airfreight en Uithoorn. Cont\u00e1ctanos y pide m\u00e1s informaci\u00f3n.\",\"breadcrumb\":{\"@id\":\"https:\/\/mundo-int.com\/es\/almacenamiento-temporal-para-carga-aerea\/#breadcrumb\"},\"inLanguage\":\"es\",\"potentialAction\":[{\"@type\":\"ReadAction\",\"target\":[\"https:\/\/mundo-int.com\/es\/almacenamiento-temporal-para-carga-aerea\/\"]}]},{\"@type\":\"ImageObject\",\"inLanguage\":\"es\",\"@id\":\"https:\/\/mundo-int.com\/es\/almacenamiento-temporal-para-carga-aerea\/#primaryimage\",\"url\":\"https:\/\/mundo-int.com\/wp-content\/uploads\/2024\/06\/Mundo-Airfreight.jpeg\",\"contentUrl\":\"https:\/\/mundo-int.com\/wp-content\/uploads\/2024\/06\/Mundo-Airfreight.jpeg\",\"width\":745,\"height\":771,\"caption\":\"Temporary storage for airfreight: efficient and secure at Mundo Airfreight in Uithoorn\"},{\"@type\":\"BreadcrumbList\",\"@id\":\"https:\/\/mundo-int.com\/es\/almacenamiento-temporal-para-carga-aerea\/#breadcrumb\",\"itemListElement\":[{\"@type\":\"ListItem\",\"position\":1,\"name\":\"Home\",\"item\":\"https:\/\/mundo-int.com\/es\/\"},{\"@type\":\"ListItem\",\"position\":2,\"name\":\"Almacenamiento temporal para carga a\u00e9rea\"}]},{\"@type\":\"WebSite\",\"@id\":\"https:\/\/mundo-int.com\/es\/#website\",\"url\":\"https:\/\/mundo-int.com\/es\/\",\"name\":\"Mundo International\",\"description\":\"International Logistics\",\"publisher\":{\"@id\":\"https:\/\/mundo-int.com\/es\/#organization\"},\"potentialAction\":[{\"@type\":\"SearchAction\",\"target\":{\"@type\":\"EntryPoint\",\"urlTemplate\":\"https:\/\/mundo-int.com\/es\/?s={search_term_string}\"},\"query-input\":{\"@type\":\"PropertyValueSpecification\",\"valueRequired\":true,\"valueName\":\"search_term_string\"}}],\"inLanguage\":\"es\"},{\"@type\":\"Organization\",\"@id\":\"https:\/\/mundo-int.com\/es\/#organization\",\"name\":\"Mundo International Logistics\",\"alternateName\":\"Mundo\",\"url\":\"https:\/\/mundo-int.com\/es\/\",\"logo\":{\"@type\":\"ImageObject\",\"inLanguage\":\"es\",\"@id\":\"https:\/\/mundo-int.com\/es\/#\/schema\/logo\/image\/\",\"url\":\"https:\/\/mundo-int.com\/wp-content\/uploads\/2020\/04\/logo-Mundo-rood.svg\",\"contentUrl\":\"https:\/\/mundo-int.com\/wp-content\/uploads\/2020\/04\/logo-Mundo-rood.svg\",\"width\":\"1024\",\"height\":\"1024\",\"caption\":\"Mundo International Logistics\"},\"image\":{\"@id\":\"https:\/\/mundo-int.com\/es\/#\/schema\/logo\/image\/\"},\"sameAs\":[\"https:\/\/www.facebook.com\/mundointernational\/\"]},{\"@type\":\"Person\",\"@id\":\"https:\/\/mundo-int.com\/es\/#\/schema\/person\/d59b05083542b6e1fc810c092446005c\",\"name\":\"Paula Ackermann\",\"url\":\"https:\/\/mundo-int.com\/es\/author\/paula\/\"}]}<\/script>\n<!-- \/ Yoast SEO plugin. -->","yoast_head_json":{"title":"Almacenamiento temporal para carga a\u00e9rea","description":"Almacenamiento temporal para carga a\u00e9rea: eficiente y seguro en Mundo Airfreight en Uithoorn. Cont\u00e1ctanos y pide m\u00e1s informaci\u00f3n.","robots":{"index":"index","follow":"follow","max-snippet":"max-snippet:-1","max-image-preview":"max-image-preview:large","max-video-preview":"max-video-preview:-1"},"canonical":"https:\/\/mundo-int.com\/es\/almacenamiento-temporal-para-carga-aerea\/","og_locale":"es_ES","og_type":"article","og_title":"Almacenamiento temporal para carga a\u00e9rea","og_description":"Almacenamiento temporal para carga a\u00e9rea: eficiente y seguro en Mundo Airfreight en Uithoorn. Cont\u00e1ctanos y pide m\u00e1s informaci\u00f3n.","og_url":"https:\/\/mundo-int.com\/es\/almacenamiento-temporal-para-carga-aerea\/","og_site_name":"Mundo","article_publisher":"https:\/\/www.facebook.com\/mundointernational\/","article_published_time":"2024-06-03T11:27:00+00:00","article_modified_time":"2024-06-03T11:41:54+00:00","og_image":[{"width":745,"height":771,"url":"https:\/\/mundo-int.com\/wp-content\/uploads\/2024\/06\/Mundo-Airfreight.jpeg","type":"image\/jpeg"}],"author":"Paula Ackermann","twitter_card":"summary_large_image","twitter_misc":{"Escrito por":"Paula Ackermann","Tiempo de lectura":"2 minutos"},"schema":{"@context":"https:\/\/schema.org","@graph":[{"@type":"Article","@id":"https:\/\/mundo-int.com\/es\/almacenamiento-temporal-para-carga-aerea\/#article","isPartOf":{"@id":"https:\/\/mundo-int.com\/es\/almacenamiento-temporal-para-carga-aerea\/"},"author":{"name":"Paula Ackermann","@id":"https:\/\/mundo-int.com\/es\/#\/schema\/person\/d59b05083542b6e1fc810c092446005c"},"headline":"Almacenamiento temporal para carga a\u00e9rea","datePublished":"2024-06-03T11:27:00+00:00","dateModified":"2024-06-03T11:41:54+00:00","mainEntityOfPage":{"@id":"https:\/\/mundo-int.com\/es\/almacenamiento-temporal-para-carga-aerea\/"},"wordCount":487,"publisher":{"@id":"https:\/\/mundo-int.com\/es\/#organization"},"image":{"@id":"https:\/\/mundo-int.com\/es\/almacenamiento-temporal-para-carga-aerea\/#primaryimage"},"thumbnailUrl":"https:\/\/mundo-int.com\/wp-content\/uploads\/2024\/06\/Mundo-Airfreight.jpeg","articleSection":["Blog","Blog"],"inLanguage":"es"},{"@type":"WebPage","@id":"https:\/\/mundo-int.com\/es\/almacenamiento-temporal-para-carga-aerea\/","url":"https:\/\/mundo-int.com\/es\/almacenamiento-temporal-para-carga-aerea\/","name":"Almacenamiento temporal para carga a\u00e9rea","isPartOf":{"@id":"https:\/\/mundo-int.com\/es\/#website"},"primaryImageOfPage":{"@id":"https:\/\/mundo-int.com\/es\/almacenamiento-temporal-para-carga-aerea\/#primaryimage"},"image":{"@id":"https:\/\/mundo-int.com\/es\/almacenamiento-temporal-para-carga-aerea\/#primaryimage"},"thumbnailUrl":"https:\/\/mundo-int.com\/wp-content\/uploads\/2024\/06\/Mundo-Airfreight.jpeg","datePublished":"2024-06-03T11:27:00+00:00","dateModified":"2024-06-03T11:41:54+00:00","description":"Almacenamiento temporal para carga a\u00e9rea: eficiente y seguro en Mundo Airfreight en Uithoorn. Cont\u00e1ctanos y pide m\u00e1s informaci\u00f3n.","breadcrumb":{"@id":"https:\/\/mundo-int.com\/es\/almacenamiento-temporal-para-carga-aerea\/#breadcrumb"},"inLanguage":"es","potentialAction":[{"@type":"ReadAction","target":["https:\/\/mundo-int.com\/es\/almacenamiento-temporal-para-carga-aerea\/"]}]},{"@type":"ImageObject","inLanguage":"es","@id":"https:\/\/mundo-int.com\/es\/almacenamiento-temporal-para-carga-aerea\/#primaryimage","url":"https:\/\/mundo-int.com\/wp-content\/uploads\/2024\/06\/Mundo-Airfreight.jpeg","contentUrl":"https:\/\/mundo-int.com\/wp-content\/uploads\/2024\/06\/Mundo-Airfreight.jpeg","width":745,"height":771,"caption":"Temporary storage for airfreight: efficient and secure at Mundo Airfreight in Uithoorn"},{"@type":"BreadcrumbList","@id":"https:\/\/mundo-int.com\/es\/almacenamiento-temporal-para-carga-aerea\/#breadcrumb","itemListElement":[{"@type":"ListItem","position":1,"name":"Home","item":"https:\/\/mundo-int.com\/es\/"},{"@type":"ListItem","position":2,"name":"Almacenamiento temporal para carga a\u00e9rea"}]},{"@type":"WebSite","@id":"https:\/\/mundo-int.com\/es\/#website","url":"https:\/\/mundo-int.com\/es\/","name":"Mundo International","description":"International Logistics","publisher":{"@id":"https:\/\/mundo-int.com\/es\/#organization"},"potentialAction":[{"@type":"SearchAction","target":{"@type":"EntryPoint","urlTemplate":"https:\/\/mundo-int.com\/es\/?s={search_term_string}"},"query-input":{"@type":"PropertyValueSpecification","valueRequired":true,"valueName":"search_term_string"}}],"inLanguage":"es"},{"@type":"Organization","@id":"https:\/\/mundo-int.com\/es\/#organization","name":"Mundo International Logistics","alternateName":"Mundo","url":"https:\/\/mundo-int.com\/es\/","logo":{"@type":"ImageObject","inLanguage":"es","@id":"https:\/\/mundo-int.com\/es\/#\/schema\/logo\/image\/","url":"https:\/\/mundo-int.com\/wp-content\/uploads\/2020\/04\/logo-Mundo-rood.svg","contentUrl":"https:\/\/mundo-int.com\/wp-content\/uploads\/2020\/04\/logo-Mundo-rood.svg","width":"1024","height":"1024","caption":"Mundo International Logistics"},"image":{"@id":"https:\/\/mundo-int.com\/es\/#\/schema\/logo\/image\/"},"sameAs":["https:\/\/www.facebook.com\/mundointernational\/"]},{"@type":"Person","@id":"https:\/\/mundo-int.com\/es\/#\/schema\/person\/d59b05083542b6e1fc810c092446005c","name":"Paula Ackermann","url":"https:\/\/mundo-int.com\/es\/author\/paula\/"}]}},"_links":{"self":[{"href":"https:\/\/mundo-int.com\/es\/wp-json\/wp\/v2\/posts\/4236"}],"collection":[{"href":"https:\/\/mundo-int.com\/es\/wp-json\/wp\/v2\/posts"}],"about":[{"href":"https:\/\/mundo-int.com\/es\/wp-json\/wp\/v2\/types\/post"}],"author":[{"embeddable":true,"href":"https:\/\/mundo-int.com\/es\/wp-json\/wp\/v2\/users\/2"}],"replies":[{"embeddable":true,"href":"https:\/\/mundo-int.com\/es\/wp-json\/wp\/v2\/comments?post=4236"}],"version-history":[{"count":7,"href":"https:\/\/mundo-int.com\/es\/wp-json\/wp\/v2\/posts\/4236\/revisions"}],"predecessor-version":[{"id":4243,"href":"https:\/\/mundo-int.com\/es\/wp-json\/wp\/v2\/posts\/4236\/revisions\/4243"}],"wp:featuredmedia":[{"embeddable":true,"href":"https:\/\/mundo-int.com\/es\/wp-json\/wp\/v2\/media\/4227"}],"wp:attachment":[{"href":"https:\/\/mundo-int.com\/es\/wp-json\/wp\/v2\/media?parent=4236"}],"wp:term":[{"taxonomy":"category","embeddable":true,"href":"https:\/\/mundo-int.com\/es\/wp-json\/wp\/v2\/categories?post=4236"},{"taxonomy":"post_tag","embeddable":true,"href":"https:\/\/mundo-int.com\/es\/wp-json\/wp\/v2\/tags?post=4236"}],"curies":[{"name":"wp","href":"https:\/\/api.w.org\/{rel}","templated":true}]}}