{"id":3365,"date":"2022-09-05T11:25:29","date_gmt":"2022-09-05T09:25:29","guid":{"rendered":"https:\/\/mundo-int.com\/?p=3365"},"modified":"2024-02-05T16:44:06","modified_gmt":"2024-02-05T15:44:06","slug":"mexico-alejandro-garcia","status":"publish","type":"post","link":"https:\/\/mundo-int.com\/es\/mexico-alejandro-garcia\/","title":{"rendered":"Nuestro hombre en M\u00e9xico; Alejandro Garcia"},"content":{"rendered":"\n<p>Yo (Alejandro Garc\u00eda) vivo en M\u00e9rida, M\u00e9xico y siempre estoy buscando nuevos desaf\u00edos en log\u00edstica internacional y comercio exterior.<\/p>\n<a href=\"https:\/\/mundo-int.com\/es\/especialista-en-transporte\/equipo\/\">Marcel Op den Kelder<\/a>, due\u00f1o de Mundo y yo siempre hemos mantenido una excelente relaci\u00f3n.<br>\nHoy, con 35 a\u00f1os, llevo 14 a\u00f1os trabajando en este mundo, que me apasiona mucho. Esto se debe a lo proactivo que es, los desaf\u00edos que siempre trae y donde aprendes algo nuevo todos los d\u00edas. Es la raz\u00f3n por la que me levanto todos los d\u00edas.\n<p>Revisar mis correos, llamar a mis clientes, sumergirme en un proyecto log\u00edstico interesante y estar satisfecho al final del d\u00eda de que mis clientes quedaron contentos con mi atenci\u00f3n y con Mundo International Logistics en general. En mi tiempo libre hago algo de deporte, paso tiempo con mi familia y descanso con la satisfacci\u00f3n de cumplir con un deber, y termino un d\u00eda perfecto para los que amamos esta profesi\u00f3n.<\/p>\n<p>Mi objetivo es crear un tr\u00e1fico de carga regular entre M\u00e9xico y el resto del mundo y viceversa. Empezando con la din\u00e1mica de siembra y luego cosecha, siempre con bandera por el buen servicio y atenci\u00f3n personalizada al cliente, y contando tambi\u00e9n con el apoyo de mi equipo en Holanda, que siempre me atienden de la mejor manera!<\/p>\n<p>Me considero un vendedor a la antigua que apuesta siempre por el trato personal y la conversaci\u00f3n amena. \u00a1As\u00ed que si\u00e9ntete libre de contactarme!<\/p>\n\t\t\t\t<img loading=\"lazy\" decoding=\"async\" src=\"https:\/\/mundo-int.com\/wp-content\/uploads\/2022\/09\/alemexico-scaled.jpg\" alt=\"Alejandro Garcia Mundo International Logistics\" itemprop=\"image\" height=\"2560\" width=\"2373\" title=\"alemexico\" onerror=\"this.style.display='none'\">\n\t\t<h3>\u00bfQuieres contactar con Alejandro Garc\u00eda?<\/h3>\n\t\t\t<a href=\"https:\/\/mundo-int.com\/es\/contacto\/\" target=\"_self\" role=\"button\" rel=\"noopener\">\n\t\t\t\t\t\t\tHaz clic aqu\u00ed\n\t\t\t\t\t<\/a>\n","protected":false},"excerpt":{"rendered":"<p>Yo (Alejandro Garc\u00eda) vivo en M\u00e9rida, M\u00e9xico y siempre estoy buscando nuevos desaf\u00edos en log\u00edstica internacional y comercio exterior. Marcel Op den Kelder, due\u00f1o de Mundo y yo siempre hemos mantenido una excelente relaci\u00f3n. Hoy, con 35 a\u00f1os, llevo 14 a\u00f1os trabajando en este mundo, que me apasiona mucho. Esto se debe a lo proactivo&hellip;<\/p>\n","protected":false},"author":2,"featured_media":3357,"comment_status":"closed","ping_status":"closed","sticky":false,"template":"","format":"standard","meta":{"inline_featured_image":false,"footnotes":""},"categories":[65],"tags":[],"class_list":["post-3365","post","type-post","status-publish","format-standard","has-post-thumbnail","hentry","category-blog-es"],"yoast_head":"<!-- This site is optimized with the Yoast SEO plugin v25.6 - https:\/\/yoast.com\/wordpress\/plugins\/seo\/ -->\n<title>Nuestro hombre en M\u00e9xico; Alejandro Garcia<\/title>\n<meta name=\"description\" content=\"Nuestro hombre en M\u00e9xico; Alejandro Garc\u00eda se complace en organizar su transporte desde, hacia y v\u00eda M\u00e9xico\" \/>\n<meta name=\"robots\" content=\"index, follow, max-snippet:-1, max-image-preview:large, max-video-preview:-1\" \/>\n<link rel=\"canonical\" href=\"https:\/\/mundo-int.com\/es\/mexico-alejandro-garcia\/\" \/>\n<meta property=\"og:locale\" content=\"es_ES\" \/>\n<meta property=\"og:type\" content=\"article\" \/>\n<meta property=\"og:title\" content=\"Nuestro hombre en M\u00e9xico; Alejandro Garcia\" \/>\n<meta property=\"og:description\" content=\"Nuestro hombre en M\u00e9xico; Alejandro Garc\u00eda se complace en organizar su transporte desde, hacia y v\u00eda M\u00e9xico\" \/>\n<meta property=\"og:url\" content=\"https:\/\/mundo-int.com\/es\/mexico-alejandro-garcia\/\" \/>\n<meta property=\"og:site_name\" content=\"Mundo\" \/>\n<meta property=\"article:publisher\" content=\"https:\/\/www.facebook.com\/mundointernational\/\" \/>\n<meta property=\"article:published_time\" content=\"2022-09-05T09:25:29+00:00\" \/>\n<meta property=\"article:modified_time\" content=\"2024-02-05T15:44:06+00:00\" \/>\n<meta property=\"og:image\" content=\"https:\/\/mundo-int.com\/wp-content\/uploads\/2022\/09\/vlag-transport-mundo-international-logistics-mexico-scaled.jpg\" \/>\n\t<meta property=\"og:image:width\" content=\"2560\" \/>\n\t<meta property=\"og:image:height\" content=\"1707\" \/>\n\t<meta property=\"og:image:type\" content=\"image\/jpeg\" \/>\n<meta name=\"author\" content=\"Paula Ackermann\" \/>\n<meta name=\"twitter:card\" content=\"summary_large_image\" \/>\n<meta name=\"twitter:label1\" content=\"Escrito por\" \/>\n\t<meta name=\"twitter:data1\" content=\"Paula Ackermann\" \/>\n\t<meta name=\"twitter:label2\" content=\"Tiempo de lectura\" \/>\n\t<meta name=\"twitter:data2\" content=\"1 minuto\" \/>\n<script type=\"application\/ld+json\" class=\"yoast-schema-graph\">{\"@context\":\"https:\/\/schema.org\",\"@graph\":[{\"@type\":\"Article\",\"@id\":\"https:\/\/mundo-int.com\/es\/mexico-alejandro-garcia\/#article\",\"isPartOf\":{\"@id\":\"https:\/\/mundo-int.com\/es\/mexico-alejandro-garcia\/\"},\"author\":{\"name\":\"Paula Ackermann\",\"@id\":\"https:\/\/mundo-int.com\/es\/#\/schema\/person\/d59b05083542b6e1fc810c092446005c\"},\"headline\":\"Nuestro hombre en M\u00e9xico; Alejandro Garcia\",\"datePublished\":\"2022-09-05T09:25:29+00:00\",\"dateModified\":\"2024-02-05T15:44:06+00:00\",\"mainEntityOfPage\":{\"@id\":\"https:\/\/mundo-int.com\/es\/mexico-alejandro-garcia\/\"},\"wordCount\":273,\"publisher\":{\"@id\":\"https:\/\/mundo-int.com\/es\/#organization\"},\"image\":{\"@id\":\"https:\/\/mundo-int.com\/es\/mexico-alejandro-garcia\/#primaryimage\"},\"thumbnailUrl\":\"https:\/\/mundo-int.com\/wp-content\/uploads\/2022\/09\/vlag-transport-mundo-international-logistics-mexico-scaled.jpg\",\"articleSection\":[\"Blog\"],\"inLanguage\":\"es\"},{\"@type\":\"WebPage\",\"@id\":\"https:\/\/mundo-int.com\/es\/mexico-alejandro-garcia\/\",\"url\":\"https:\/\/mundo-int.com\/es\/mexico-alejandro-garcia\/\",\"name\":\"Nuestro hombre en M\u00e9xico; Alejandro Garcia\",\"isPartOf\":{\"@id\":\"https:\/\/mundo-int.com\/es\/#website\"},\"primaryImageOfPage\":{\"@id\":\"https:\/\/mundo-int.com\/es\/mexico-alejandro-garcia\/#primaryimage\"},\"image\":{\"@id\":\"https:\/\/mundo-int.com\/es\/mexico-alejandro-garcia\/#primaryimage\"},\"thumbnailUrl\":\"https:\/\/mundo-int.com\/wp-content\/uploads\/2022\/09\/vlag-transport-mundo-international-logistics-mexico-scaled.jpg\",\"datePublished\":\"2022-09-05T09:25:29+00:00\",\"dateModified\":\"2024-02-05T15:44:06+00:00\",\"description\":\"Nuestro hombre en M\u00e9xico; Alejandro Garc\u00eda se complace en organizar su transporte desde, hacia y v\u00eda M\u00e9xico\",\"breadcrumb\":{\"@id\":\"https:\/\/mundo-int.com\/es\/mexico-alejandro-garcia\/#breadcrumb\"},\"inLanguage\":\"es\",\"potentialAction\":[{\"@type\":\"ReadAction\",\"target\":[\"https:\/\/mundo-int.com\/es\/mexico-alejandro-garcia\/\"]}]},{\"@type\":\"ImageObject\",\"inLanguage\":\"es\",\"@id\":\"https:\/\/mundo-int.com\/es\/mexico-alejandro-garcia\/#primaryimage\",\"url\":\"https:\/\/mundo-int.com\/wp-content\/uploads\/2022\/09\/vlag-transport-mundo-international-logistics-mexico-scaled.jpg\",\"contentUrl\":\"https:\/\/mundo-int.com\/wp-content\/uploads\/2022\/09\/vlag-transport-mundo-international-logistics-mexico-scaled.jpg\",\"width\":2560,\"height\":1707},{\"@type\":\"BreadcrumbList\",\"@id\":\"https:\/\/mundo-int.com\/es\/mexico-alejandro-garcia\/#breadcrumb\",\"itemListElement\":[{\"@type\":\"ListItem\",\"position\":1,\"name\":\"Home\",\"item\":\"https:\/\/mundo-int.com\/es\/\"},{\"@type\":\"ListItem\",\"position\":2,\"name\":\"Nuestro hombre en M\u00e9xico; Alejandro Garcia\"}]},{\"@type\":\"WebSite\",\"@id\":\"https:\/\/mundo-int.com\/es\/#website\",\"url\":\"https:\/\/mundo-int.com\/es\/\",\"name\":\"Mundo International\",\"description\":\"International Logistics\",\"publisher\":{\"@id\":\"https:\/\/mundo-int.com\/es\/#organization\"},\"potentialAction\":[{\"@type\":\"SearchAction\",\"target\":{\"@type\":\"EntryPoint\",\"urlTemplate\":\"https:\/\/mundo-int.com\/es\/?s={search_term_string}\"},\"query-input\":{\"@type\":\"PropertyValueSpecification\",\"valueRequired\":true,\"valueName\":\"search_term_string\"}}],\"inLanguage\":\"es\"},{\"@type\":\"Organization\",\"@id\":\"https:\/\/mundo-int.com\/es\/#organization\",\"name\":\"Mundo International Logistics\",\"alternateName\":\"Mundo\",\"url\":\"https:\/\/mundo-int.com\/es\/\",\"logo\":{\"@type\":\"ImageObject\",\"inLanguage\":\"es\",\"@id\":\"https:\/\/mundo-int.com\/es\/#\/schema\/logo\/image\/\",\"url\":\"https:\/\/mundo-int.com\/wp-content\/uploads\/2020\/04\/logo-Mundo-rood.svg\",\"contentUrl\":\"https:\/\/mundo-int.com\/wp-content\/uploads\/2020\/04\/logo-Mundo-rood.svg\",\"width\":\"1024\",\"height\":\"1024\",\"caption\":\"Mundo International Logistics\"},\"image\":{\"@id\":\"https:\/\/mundo-int.com\/es\/#\/schema\/logo\/image\/\"},\"sameAs\":[\"https:\/\/www.facebook.com\/mundointernational\/\"]},{\"@type\":\"Person\",\"@id\":\"https:\/\/mundo-int.com\/es\/#\/schema\/person\/d59b05083542b6e1fc810c092446005c\",\"name\":\"Paula Ackermann\",\"url\":\"https:\/\/mundo-int.com\/es\/author\/paula\/\"}]}<\/script>\n<!-- \/ Yoast SEO plugin. -->","yoast_head_json":{"title":"Nuestro hombre en M\u00e9xico; Alejandro Garcia","description":"Nuestro hombre en M\u00e9xico; Alejandro Garc\u00eda se complace en organizar su transporte desde, hacia y v\u00eda M\u00e9xico","robots":{"index":"index","follow":"follow","max-snippet":"max-snippet:-1","max-image-preview":"max-image-preview:large","max-video-preview":"max-video-preview:-1"},"canonical":"https:\/\/mundo-int.com\/es\/mexico-alejandro-garcia\/","og_locale":"es_ES","og_type":"article","og_title":"Nuestro hombre en M\u00e9xico; Alejandro Garcia","og_description":"Nuestro hombre en M\u00e9xico; Alejandro Garc\u00eda se complace en organizar su transporte desde, hacia y v\u00eda M\u00e9xico","og_url":"https:\/\/mundo-int.com\/es\/mexico-alejandro-garcia\/","og_site_name":"Mundo","article_publisher":"https:\/\/www.facebook.com\/mundointernational\/","article_published_time":"2022-09-05T09:25:29+00:00","article_modified_time":"2024-02-05T15:44:06+00:00","og_image":[{"width":2560,"height":1707,"url":"https:\/\/mundo-int.com\/wp-content\/uploads\/2022\/09\/vlag-transport-mundo-international-logistics-mexico-scaled.jpg","type":"image\/jpeg"}],"author":"Paula Ackermann","twitter_card":"summary_large_image","twitter_misc":{"Escrito por":"Paula Ackermann","Tiempo de lectura":"1 minuto"},"schema":{"@context":"https:\/\/schema.org","@graph":[{"@type":"Article","@id":"https:\/\/mundo-int.com\/es\/mexico-alejandro-garcia\/#article","isPartOf":{"@id":"https:\/\/mundo-int.com\/es\/mexico-alejandro-garcia\/"},"author":{"name":"Paula Ackermann","@id":"https:\/\/mundo-int.com\/es\/#\/schema\/person\/d59b05083542b6e1fc810c092446005c"},"headline":"Nuestro hombre en M\u00e9xico; Alejandro Garcia","datePublished":"2022-09-05T09:25:29+00:00","dateModified":"2024-02-05T15:44:06+00:00","mainEntityOfPage":{"@id":"https:\/\/mundo-int.com\/es\/mexico-alejandro-garcia\/"},"wordCount":273,"publisher":{"@id":"https:\/\/mundo-int.com\/es\/#organization"},"image":{"@id":"https:\/\/mundo-int.com\/es\/mexico-alejandro-garcia\/#primaryimage"},"thumbnailUrl":"https:\/\/mundo-int.com\/wp-content\/uploads\/2022\/09\/vlag-transport-mundo-international-logistics-mexico-scaled.jpg","articleSection":["Blog"],"inLanguage":"es"},{"@type":"WebPage","@id":"https:\/\/mundo-int.com\/es\/mexico-alejandro-garcia\/","url":"https:\/\/mundo-int.com\/es\/mexico-alejandro-garcia\/","name":"Nuestro hombre en M\u00e9xico; Alejandro Garcia","isPartOf":{"@id":"https:\/\/mundo-int.com\/es\/#website"},"primaryImageOfPage":{"@id":"https:\/\/mundo-int.com\/es\/mexico-alejandro-garcia\/#primaryimage"},"image":{"@id":"https:\/\/mundo-int.com\/es\/mexico-alejandro-garcia\/#primaryimage"},"thumbnailUrl":"https:\/\/mundo-int.com\/wp-content\/uploads\/2022\/09\/vlag-transport-mundo-international-logistics-mexico-scaled.jpg","datePublished":"2022-09-05T09:25:29+00:00","dateModified":"2024-02-05T15:44:06+00:00","description":"Nuestro hombre en M\u00e9xico; Alejandro Garc\u00eda se complace en organizar su transporte desde, hacia y v\u00eda M\u00e9xico","breadcrumb":{"@id":"https:\/\/mundo-int.com\/es\/mexico-alejandro-garcia\/#breadcrumb"},"inLanguage":"es","potentialAction":[{"@type":"ReadAction","target":["https:\/\/mundo-int.com\/es\/mexico-alejandro-garcia\/"]}]},{"@type":"ImageObject","inLanguage":"es","@id":"https:\/\/mundo-int.com\/es\/mexico-alejandro-garcia\/#primaryimage","url":"https:\/\/mundo-int.com\/wp-content\/uploads\/2022\/09\/vlag-transport-mundo-international-logistics-mexico-scaled.jpg","contentUrl":"https:\/\/mundo-int.com\/wp-content\/uploads\/2022\/09\/vlag-transport-mundo-international-logistics-mexico-scaled.jpg","width":2560,"height":1707},{"@type":"BreadcrumbList","@id":"https:\/\/mundo-int.com\/es\/mexico-alejandro-garcia\/#breadcrumb","itemListElement":[{"@type":"ListItem","position":1,"name":"Home","item":"https:\/\/mundo-int.com\/es\/"},{"@type":"ListItem","position":2,"name":"Nuestro hombre en M\u00e9xico; Alejandro Garcia"}]},{"@type":"WebSite","@id":"https:\/\/mundo-int.com\/es\/#website","url":"https:\/\/mundo-int.com\/es\/","name":"Mundo International","description":"International Logistics","publisher":{"@id":"https:\/\/mundo-int.com\/es\/#organization"},"potentialAction":[{"@type":"SearchAction","target":{"@type":"EntryPoint","urlTemplate":"https:\/\/mundo-int.com\/es\/?s={search_term_string}"},"query-input":{"@type":"PropertyValueSpecification","valueRequired":true,"valueName":"search_term_string"}}],"inLanguage":"es"},{"@type":"Organization","@id":"https:\/\/mundo-int.com\/es\/#organization","name":"Mundo International Logistics","alternateName":"Mundo","url":"https:\/\/mundo-int.com\/es\/","logo":{"@type":"ImageObject","inLanguage":"es","@id":"https:\/\/mundo-int.com\/es\/#\/schema\/logo\/image\/","url":"https:\/\/mundo-int.com\/wp-content\/uploads\/2020\/04\/logo-Mundo-rood.svg","contentUrl":"https:\/\/mundo-int.com\/wp-content\/uploads\/2020\/04\/logo-Mundo-rood.svg","width":"1024","height":"1024","caption":"Mundo International Logistics"},"image":{"@id":"https:\/\/mundo-int.com\/es\/#\/schema\/logo\/image\/"},"sameAs":["https:\/\/www.facebook.com\/mundointernational\/"]},{"@type":"Person","@id":"https:\/\/mundo-int.com\/es\/#\/schema\/person\/d59b05083542b6e1fc810c092446005c","name":"Paula Ackermann","url":"https:\/\/mundo-int.com\/es\/author\/paula\/"}]}},"_links":{"self":[{"href":"https:\/\/mundo-int.com\/es\/wp-json\/wp\/v2\/posts\/3365"}],"collection":[{"href":"https:\/\/mundo-int.com\/es\/wp-json\/wp\/v2\/posts"}],"about":[{"href":"https:\/\/mundo-int.com\/es\/wp-json\/wp\/v2\/types\/post"}],"author":[{"embeddable":true,"href":"https:\/\/mundo-int.com\/es\/wp-json\/wp\/v2\/users\/2"}],"replies":[{"embeddable":true,"href":"https:\/\/mundo-int.com\/es\/wp-json\/wp\/v2\/comments?post=3365"}],"version-history":[{"count":3,"href":"https:\/\/mundo-int.com\/es\/wp-json\/wp\/v2\/posts\/3365\/revisions"}],"predecessor-version":[{"id":3939,"href":"https:\/\/mundo-int.com\/es\/wp-json\/wp\/v2\/posts\/3365\/revisions\/3939"}],"wp:featuredmedia":[{"embeddable":true,"href":"https:\/\/mundo-int.com\/es\/wp-json\/wp\/v2\/media\/3357"}],"wp:attachment":[{"href":"https:\/\/mundo-int.com\/es\/wp-json\/wp\/v2\/media?parent=3365"}],"wp:term":[{"taxonomy":"category","embeddable":true,"href":"https:\/\/mundo-int.com\/es\/wp-json\/wp\/v2\/categories?post=3365"},{"taxonomy":"post_tag","embeddable":true,"href":"https:\/\/mundo-int.com\/es\/wp-json\/wp\/v2\/tags?post=3365"}],"curies":[{"name":"wp","href":"https:\/\/api.w.org\/{rel}","templated":true}]}}